{"id":21536,"date":"2023-02-24T15:12:48","date_gmt":"2023-02-24T14:12:48","guid":{"rendered":"https:\/\/2liftu.com\/?p=21536"},"modified":"2023-04-03T09:34:47","modified_gmt":"2023-04-03T07:34:47","slug":"rehadat_presente_2liftu","status":"publish","type":"post","link":"https:\/\/2liftu.com\/fr\/rehadat_presente_2liftu\/","title":{"rendered":"REHADAT PR\u00c9SENTE 2LIFTU"},"content":{"rendered":"<div class=\"textbox\">\n<p>REHADAT est un projet de l&rsquo;Institut de recherche \u00e9conomique de Cologne. V., financ\u00e9 par la caisse de p\u00e9r\u00e9quation du minist\u00e8re f\u00e9d\u00e9ral du travail et des affaires sociales (BMAS).<\/p>\n<p>Le portail \u00ab\u00a0aides REHADAT\u00a0\u00bb fait partie de son offre d&rsquo;information. Il offre un aper\u00e7u neutre des outils et des aides techniques en Allemagne ainsi que des connaissances de base compl\u00e8tes.<\/p>\n<p><img loading=\"lazy\" decoding=\"async\" class=\"\" src=\"https:\/\/www.rehadat-hilfsmittel.de\/system\/modules\/de.rehadat.projekt2021.frontend\/resources\/images\/logos-portale\/logo-hilfsmittel.svg\" alt=\"zur Startseite von REHADAT-Hilfsmittelportal\" width=\"716\" height=\"138\" \/><\/p>\n<p>Nous avons \u00e9t\u00e9 heureux d&rsquo;apprendre que la soci\u00e9t\u00e9 \u00ab\u00a0REHADAT-Hilfmittel\u00a0\u00bb a pr\u00e9sent\u00e9 notre chaise 2liftu comme une nouveaut\u00e9 sur son site internet, confirmant ainsi nos efforts pour en faire un outil utile au quotidien pour de nombreuses personnes.<\/p>\n<p>Bienvenue \u00e0 visiter REHADAT!<\/p>\n<p><a href=\"https:\/\/www.rehadat-hilfsmittel.de\/de\/produkte\/mobilitaet-orientierung\/hebehilfen\/fahrbare-stehlifter\/index.html?filter=%28schlagwort_tec%3A%22Aufstehhilfe%22%29&amp;reloaded&amp;sort=produktde_final_sort_tec+asc&amp;page=29&amp;query=%22Aufstehhilfe%22&amp;mode=detail&amp;listtitle=\">Cliquez ici &lt;\u2014<\/a><\/p>\n<\/div>\n","protected":false},"excerpt":{"rendered":"REHADAT est un projet de l&rsquo;Institut de recherche \u00e9conomique de Cologne. V., financ\u00e9 par la caisse de p\u00e9r\u00e9quation du minist\u00e8re f\u00e9d\u00e9ral du travail et des affaires sociales (BMAS). Le portail \u00ab\u00a0aides REHADAT\u00a0\u00bb fait partie de son offre d&rsquo;information. Il offre un aper\u00e7u neutre des outils et des aides techniques en Allemagne ainsi que des connaissances [&hellip;]","protected":false},"author":1,"featured_media":0,"comment_status":"closed","ping_status":"closed","sticky":false,"template":"","format":"standard","meta":{"_acf_changed":false,"footnotes":""},"categories":[38],"tags":[],"class_list":["post-21536","post","type-post","status-publish","format-standard","hentry","category-non-classifiee"],"acf":[],"_links":{"self":[{"href":"https:\/\/2liftu.com\/fr\/wp-json\/wp\/v2\/posts\/21536","targetHints":{"allow":["GET"]}}],"collection":[{"href":"https:\/\/2liftu.com\/fr\/wp-json\/wp\/v2\/posts"}],"about":[{"href":"https:\/\/2liftu.com\/fr\/wp-json\/wp\/v2\/types\/post"}],"author":[{"embeddable":true,"href":"https:\/\/2liftu.com\/fr\/wp-json\/wp\/v2\/users\/1"}],"replies":[{"embeddable":true,"href":"https:\/\/2liftu.com\/fr\/wp-json\/wp\/v2\/comments?post=21536"}],"version-history":[{"count":2,"href":"https:\/\/2liftu.com\/fr\/wp-json\/wp\/v2\/posts\/21536\/revisions"}],"predecessor-version":[{"id":21710,"href":"https:\/\/2liftu.com\/fr\/wp-json\/wp\/v2\/posts\/21536\/revisions\/21710"}],"wp:attachment":[{"href":"https:\/\/2liftu.com\/fr\/wp-json\/wp\/v2\/media?parent=21536"}],"wp:term":[{"taxonomy":"category","embeddable":true,"href":"https:\/\/2liftu.com\/fr\/wp-json\/wp\/v2\/categories?post=21536"},{"taxonomy":"post_tag","embeddable":true,"href":"https:\/\/2liftu.com\/fr\/wp-json\/wp\/v2\/tags?post=21536"}],"curies":[{"name":"wp","href":"https:\/\/api.w.org\/{rel}","templated":true}]}}