{"id":5204,"date":"2022-07-29T09:29:27","date_gmt":"2022-07-29T07:29:27","guid":{"rendered":"https:\/\/2liftu.com\/?p=5204"},"modified":"2022-07-29T09:50:23","modified_gmt":"2022-07-29T07:50:23","slug":"rehacare-2022-w-koncu-znow-targi","status":"publish","type":"post","link":"https:\/\/2liftu.com\/pl\/rehacare-2022-w-koncu-znow-targi\/","title":{"rendered":"REHACARE 2022 &#8211; w ko\u0144cu zn\u00f3w targi!"},"content":{"rendered":"<p>B\u0105d\u017a tam w dniach 14 &#8211; 17 wrze\u015bnia i po raz pierwszy do\u015bwiadcz naszych produkt\u00f3w 2liftu na \u017cywo na najwi\u0119kszych na \u015bwiecie targach rehabilitacji i piel\u0119gnacji.<br \/>\nCieszymy si\u0119, \u017ce b\u0119dziemy mogli powita\u0107 Pa\u0144stwa osobi\u015bcie w D\u00fcsseldorfie w hali 6, na stoisku C04! Hala 6 \/ C04<br \/>\n<br \/>\nTw\u00f3j zesp\u00f3\u0142 2liftu<\/p>\n","protected":false},"excerpt":{"rendered":"B\u0105d\u017a tam w dniach 14 &#8211; 17 wrze\u015bnia i po raz pierwszy do\u015bwiadcz naszych produkt\u00f3w 2liftu na \u017cywo na najwi\u0119kszych na \u015bwiecie targach rehabilitacji i piel\u0119gnacji. Cieszymy si\u0119, \u017ce b\u0119dziemy mogli powita\u0107 Pa\u0144stwa osobi\u015bcie w D\u00fcsseldorfie w hali 6, na stoisku C04! Hala 6 \/ C04 Tw\u00f3j zesp\u00f3\u0142 2liftu","protected":false},"author":4,"featured_media":5196,"comment_status":"closed","ping_status":"closed","sticky":false,"template":"","format":"standard","meta":{"_acf_changed":false,"footnotes":""},"categories":[24],"tags":[],"class_list":["post-5204","post","type-post","status-publish","format-standard","has-post-thumbnail","hentry","category-bez-kategorii"],"acf":[],"_links":{"self":[{"href":"https:\/\/2liftu.com\/pl\/wp-json\/wp\/v2\/posts\/5204","targetHints":{"allow":["GET"]}}],"collection":[{"href":"https:\/\/2liftu.com\/pl\/wp-json\/wp\/v2\/posts"}],"about":[{"href":"https:\/\/2liftu.com\/pl\/wp-json\/wp\/v2\/types\/post"}],"author":[{"embeddable":true,"href":"https:\/\/2liftu.com\/pl\/wp-json\/wp\/v2\/users\/4"}],"replies":[{"embeddable":true,"href":"https:\/\/2liftu.com\/pl\/wp-json\/wp\/v2\/comments?post=5204"}],"version-history":[{"count":1,"href":"https:\/\/2liftu.com\/pl\/wp-json\/wp\/v2\/posts\/5204\/revisions"}],"predecessor-version":[{"id":5205,"href":"https:\/\/2liftu.com\/pl\/wp-json\/wp\/v2\/posts\/5204\/revisions\/5205"}],"wp:featuredmedia":[{"embeddable":true,"href":"https:\/\/2liftu.com\/pl\/wp-json\/wp\/v2\/media\/5196"}],"wp:attachment":[{"href":"https:\/\/2liftu.com\/pl\/wp-json\/wp\/v2\/media?parent=5204"}],"wp:term":[{"taxonomy":"category","embeddable":true,"href":"https:\/\/2liftu.com\/pl\/wp-json\/wp\/v2\/categories?post=5204"},{"taxonomy":"post_tag","embeddable":true,"href":"https:\/\/2liftu.com\/pl\/wp-json\/wp\/v2\/tags?post=5204"}],"curies":[{"name":"wp","href":"https:\/\/api.w.org\/{rel}","templated":true}]}}